{"id":3522,"date":"2023-08-30T20:31:03","date_gmt":"2023-08-30T18:31:03","guid":{"rendered":"https:\/\/www.grundschule-lastrup.de\/?p=3522"},"modified":"2025-05-20T16:49:29","modified_gmt":"2025-05-20T14:49:29","slug":"aktion-gelbe-fuesse-sicherer-schulweg","status":"publish","type":"post","link":"https:\/\/www.grundschule-lastrup.de\/?p=3522","title":{"rendered":"Aktion \u201eGelbe F\u00fc\u00dfe &#8211; sicherer Schulweg\u201c"},"content":{"rendered":"\n<p style=\"font-weight: 400;\">Wer seit gestern in der N\u00e4he der Schule spazieren geht, der hat bestimmt schon die kleinen gelben F\u00fc\u00dfe auf dem Gehweg entdeckt. Mit Unterst\u00fctzung von Kriminaloberkommissar VSB Herrn Achim Wach und unserer Lehrerin Frau Abeln hat eine Gruppe von Kindern im Ganztag flei\u00dfig Fu\u00dfspuren gespr\u00fcht, um auf Gefahrenstellen auf dem Schulweg aufmerksam zu machen. Man findet die Fu\u00dfspuren \u00fcberall dort, wo Stra\u00dfen \u00fcberquert werden m\u00fcssen. \u201eDa, wo man die F\u00fc\u00dfe nebeneinander stehen sieht, da muss man anhalten und nach rechts und links schauen, ob ein Auto kommt, bevor man r\u00fcbergeht. Hier ist es n\u00e4mlich ganz sch\u00f6n gef\u00e4hrlich\u201c, meint Eduard.<\/p>\n<p style=\"font-weight: 400;\">Die laufenden F\u00fc\u00dfe zeigen an, dass man hier auf der richtigen Gehwegseite l\u00e4uft. \u201eWichtig ist, dass man als Fu\u00dfg\u00e4nger immer den rechten Gehweg neben der Stra\u00dfe benutzt\u201c, merkt Herr Wach an.<\/p>\n<p style=\"font-weight: 400;\">Uns hat die Aktion viel Spa\u00df gemacht. Im Laufe der n\u00e4chsten Wochen werdet ihr im Bereich der Schule bestimmt noch weitere Fu\u00dfspuren entdecken.<\/p>\n<p style=\"font-weight: 400;\">Sinn der Aktion ist es, unseren Schulweg sicherer zu gestalten und die Kinder sowie die weiteren Verkehrsteilnehmer f\u00fcr Gefahrenstellen zu sensibilisieren.<\/p>\n","protected":false},"excerpt":{"rendered":"<p>Wer seit gestern in der N\u00e4he der Schule spazieren geht, der hat bestimmt schon die kleinen gelben F\u00fc\u00dfe auf dem Gehweg entdeckt. Mit Unterst\u00fctzung von Kriminaloberkommissar VSB Herrn Achim Wach und unserer Lehrerin Frau Abeln hat eine Gruppe von Kindern im Ganztag flei\u00dfig Fu\u00dfspuren gespr\u00fcht, um auf Gefahrenstellen auf dem Schulweg aufmerksam zu machen. Man &#8230; <a title=\"Aktion \u201eGelbe F\u00fc\u00dfe &#8211; sicherer Schulweg\u201c\" class=\"read-more\" href=\"https:\/\/www.grundschule-lastrup.de\/?p=3522\" aria-label=\"Mehr Informationen \u00fcber Aktion \u201eGelbe F\u00fc\u00dfe &#8211; sicherer Schulweg\u201c\">Weiterlesen<\/a><\/p>\n","protected":false},"author":2,"featured_media":0,"comment_status":"closed","ping_status":"open","sticky":false,"template":"","format":"standard","meta":{"footnotes":""},"categories":[1],"tags":[],"class_list":["post-3522","post","type-post","status-publish","format-standard","hentry","category-allgemein"],"_links":{"self":[{"href":"https:\/\/www.grundschule-lastrup.de\/index.php?rest_route=\/wp\/v2\/posts\/3522","targetHints":{"allow":["GET"]}}],"collection":[{"href":"https:\/\/www.grundschule-lastrup.de\/index.php?rest_route=\/wp\/v2\/posts"}],"about":[{"href":"https:\/\/www.grundschule-lastrup.de\/index.php?rest_route=\/wp\/v2\/types\/post"}],"author":[{"embeddable":true,"href":"https:\/\/www.grundschule-lastrup.de\/index.php?rest_route=\/wp\/v2\/users\/2"}],"replies":[{"embeddable":true,"href":"https:\/\/www.grundschule-lastrup.de\/index.php?rest_route=%2Fwp%2Fv2%2Fcomments&post=3522"}],"version-history":[{"count":2,"href":"https:\/\/www.grundschule-lastrup.de\/index.php?rest_route=\/wp\/v2\/posts\/3522\/revisions"}],"predecessor-version":[{"id":3531,"href":"https:\/\/www.grundschule-lastrup.de\/index.php?rest_route=\/wp\/v2\/posts\/3522\/revisions\/3531"}],"wp:attachment":[{"href":"https:\/\/www.grundschule-lastrup.de\/index.php?rest_route=%2Fwp%2Fv2%2Fmedia&parent=3522"}],"wp:term":[{"taxonomy":"category","embeddable":true,"href":"https:\/\/www.grundschule-lastrup.de\/index.php?rest_route=%2Fwp%2Fv2%2Fcategories&post=3522"},{"taxonomy":"post_tag","embeddable":true,"href":"https:\/\/www.grundschule-lastrup.de\/index.php?rest_route=%2Fwp%2Fv2%2Ftags&post=3522"}],"curies":[{"name":"wp","href":"https:\/\/api.w.org\/{rel}","templated":true}]}}