{"id":3724,"date":"2025-03-04T21:23:28","date_gmt":"2025-03-04T20:23:28","guid":{"rendered":"https:\/\/www.grundschule-lastrup.de\/?p=3724"},"modified":"2025-05-20T16:49:29","modified_gmt":"2025-05-20T14:49:29","slug":"karneval","status":"publish","type":"post","link":"https:\/\/www.grundschule-lastrup.de\/?p=3724","title":{"rendered":"Lastrup Helau &#8211; Karneval"},"content":{"rendered":"<p>Am 28.02.2025 war es wieder so weit und der Karneval wurde in unserer Schule gefeiert. Los ging es um halb neun mit einer Party f\u00fcr die 1. und 2. Kl\u00e4ssler in der Pausenhalle mit DJ Obi. Eine ganze Stunde wurde Vollgas gegeben und getanzt. Nach der Pause gab es eine Polonaise mit der ganzen Schule angef\u00fchrt von Herrn Niehaus, an die sich die Kinder der Sophie-Scholl-Schule anschlossen. Im Anschluss daran gab es eine zweite Party mit DJ Obi, diesmal f\u00fcr die 3. und 4. Kl\u00e4ssler. Alle Kinder hatten Spa\u00df und es war ein gelungener Tag.<\/p>\n<p><img decoding=\"async\" src=\"https:\/\/www.grundschule-lastrup.de\/wp-content\/uploads\/2025\/03\/WhatsApp-Image-2025-03-04-at-20.14.21.jpeg\" \/><\/p>\n<p><img decoding=\"async\" src=\"https:\/\/www.grundschule-lastrup.de\/wp-content\/uploads\/2025\/03\/WhatsApp-Image-2025-03-04-at-20.14.20-2.jpeg\" \/><\/p>\n<p><img decoding=\"async\" src=\"https:\/\/www.grundschule-lastrup.de\/wp-content\/uploads\/2025\/03\/WhatsApp-Image-2025-03-04-at-20.14.20.jpeg\" \/><\/p>\n<p><img decoding=\"async\" src=\"https:\/\/www.grundschule-lastrup.de\/wp-content\/uploads\/2025\/03\/WhatsApp-Image-2025-03-04-at-20.14.24.jpeg\" \/><\/p>\n","protected":false},"excerpt":{"rendered":"<p>Am 28.02.2025 war es wieder so weit und der Karneval wurde in unserer Schule gefeiert. Los ging es um halb neun mit einer Party f\u00fcr die 1. und 2. Kl\u00e4ssler in der Pausenhalle mit DJ Obi. Eine ganze Stunde wurde Vollgas gegeben und getanzt. Nach der Pause gab es eine Polonaise mit der ganzen Schule &#8230; <a title=\"Lastrup Helau &#8211; Karneval\" class=\"read-more\" href=\"https:\/\/www.grundschule-lastrup.de\/?p=3724\" aria-label=\"Mehr Informationen \u00fcber Lastrup Helau &#8211; Karneval\">Weiterlesen<\/a><\/p>\n","protected":false},"author":2,"featured_media":3728,"comment_status":"closed","ping_status":"open","sticky":false,"template":"","format":"standard","meta":{"footnotes":""},"categories":[1],"tags":[],"class_list":["post-3724","post","type-post","status-publish","format-standard","has-post-thumbnail","hentry","category-allgemein"],"_links":{"self":[{"href":"https:\/\/www.grundschule-lastrup.de\/index.php?rest_route=\/wp\/v2\/posts\/3724","targetHints":{"allow":["GET"]}}],"collection":[{"href":"https:\/\/www.grundschule-lastrup.de\/index.php?rest_route=\/wp\/v2\/posts"}],"about":[{"href":"https:\/\/www.grundschule-lastrup.de\/index.php?rest_route=\/wp\/v2\/types\/post"}],"author":[{"embeddable":true,"href":"https:\/\/www.grundschule-lastrup.de\/index.php?rest_route=\/wp\/v2\/users\/2"}],"replies":[{"embeddable":true,"href":"https:\/\/www.grundschule-lastrup.de\/index.php?rest_route=%2Fwp%2Fv2%2Fcomments&post=3724"}],"version-history":[{"count":2,"href":"https:\/\/www.grundschule-lastrup.de\/index.php?rest_route=\/wp\/v2\/posts\/3724\/revisions"}],"predecessor-version":[{"id":3731,"href":"https:\/\/www.grundschule-lastrup.de\/index.php?rest_route=\/wp\/v2\/posts\/3724\/revisions\/3731"}],"wp:featuredmedia":[{"embeddable":true,"href":"https:\/\/www.grundschule-lastrup.de\/index.php?rest_route=\/wp\/v2\/media\/3728"}],"wp:attachment":[{"href":"https:\/\/www.grundschule-lastrup.de\/index.php?rest_route=%2Fwp%2Fv2%2Fmedia&parent=3724"}],"wp:term":[{"taxonomy":"category","embeddable":true,"href":"https:\/\/www.grundschule-lastrup.de\/index.php?rest_route=%2Fwp%2Fv2%2Fcategories&post=3724"},{"taxonomy":"post_tag","embeddable":true,"href":"https:\/\/www.grundschule-lastrup.de\/index.php?rest_route=%2Fwp%2Fv2%2Ftags&post=3724"}],"curies":[{"name":"wp","href":"https:\/\/api.w.org\/{rel}","templated":true}]}}